{"id":6172,"date":"2025-10-25T19:56:25","date_gmt":"2025-10-25T11:56:25","guid":{"rendered":"https:\/\/www.humitechpro.com\/blogs\/almanyadaki-en-iyi-10-nem-alici-ureticisi-2026\/"},"modified":"2025-11-30T15:15:30","modified_gmt":"2025-11-30T07:15:30","slug":"almanya-nem-alma-cihazi-ureticileri","status":"publish","type":"post","link":"https:\/\/www.humitechpro.com\/tr\/blogs\/almanya-nem-alma-cihazi-ureticileri\/","title":{"rendered":"Almanya&#8217;daki En \u0130yi 10 Nem Al\u0131c\u0131 \u00dcreticisi (2026)"},"content":{"rendered":"\t\t<div data-elementor-type=\"wp-post\" data-elementor-id=\"6172\" class=\"elementor elementor-6172 elementor-5266\" data-elementor-post-type=\"post\">\n\t\t\t\t<div class=\"elementor-element elementor-element-4bb7a80 e-flex e-con-boxed e-con e-parent\" data-id=\"4bb7a80\" data-element_type=\"container\" data-settings=\"{&quot;ekit_has_onepagescroll_dot&quot;:&quot;yes&quot;}\">\n\t\t\t\t\t<div class=\"e-con-inner\">\n\t\t\t\t<div class=\"elementor-element elementor-element-40f03bc elementor-widget elementor-widget-text-editor\" data-id=\"40f03bc\" data-element_type=\"widget\" data-settings=\"{&quot;ekit_we_effect_on&quot;:&quot;none&quot;}\" data-widget_type=\"text-editor.default\">\n\t\t\t\t<div class=\"elementor-widget-container\">\n\t\t\t\t\t\t\t\t\t<p><span style=\"font-weight: 400;\">Almanya, hassas m\u00fchendislik, g\u00fc\u00e7l\u00fc Ar-Ge kapasitesi ve titiz kalite standartlar\u0131n\u0131 bir araya getirerek Avrupa&#8217;n\u0131n HVAC ve hava \u015fartland\u0131rma end\u00fcstrisinin \u00f6n saflar\u0131nda yer almaktad\u0131r. \u00dclkenin nem alma cihaz\u0131 \u00fcreticileri end\u00fcstriyel, ticari ve konut ortamlar\u0131nda dayan\u0131kl\u0131 tasar\u0131m, enerji verimlili\u011fi ve g\u00fcvenilirlik ile tan\u0131n\u0131r. <\/span><\/p>\n<p><span style=\"font-weight: 400;\">\u0130ster bina kurutmas\u0131, ister y\u00fczme havuzu iklim kontrol\u00fc veya ev nem y\u00f6netimi i\u00e7in olsun, Alman markalar\u0131 kat\u0131 AB \u00e7evre ve g\u00fcvenlik d\u00fczenlemelerini (CE, ErP ve RoHS gibi) kar\u015f\u0131layan eksiksiz \u00e7\u00f6z\u00fcmler sunar.<\/span><\/p>\n<p><span style=\"font-weight: 400;\">A\u015fa\u011f\u0131da, yerle\u015fik m\u00fchendislik gruplar\u0131n\u0131 ve uzman OEM\/ODM fabrikalar\u0131n\u0131 kapsayan Almanya&#8217;daki En \u0130yi 10 Nem Al\u0131c\u0131 \u00dcreticisi yer almaktad\u0131r.<\/span><\/p>\t\t\t\t\t\t\t\t<\/div>\n\t\t\t\t<\/div>\n\t\t\t\t<div class=\"elementor-element elementor-element-0c69fb4 elementor-widget elementor-widget-heading\" data-id=\"0c69fb4\" data-element_type=\"widget\" data-settings=\"{&quot;ekit_we_effect_on&quot;:&quot;none&quot;}\" data-widget_type=\"heading.default\">\n\t\t\t\t<div class=\"elementor-widget-container\">\n\t\t\t\t\t<h2 class=\"elementor-heading-title elementor-size-default\">Almanya'daki En \u0130yi 10 Nem Al\u0131c\u0131 \u00dcreticisi ve Tedarik\u00e7isi<\/h2>\t\t\t\t<\/div>\n\t\t\t\t<\/div>\n\t\t\t\t<div class=\"elementor-element elementor-element-4bb87c9 elementor-widget elementor-widget-text-editor\" data-id=\"4bb87c9\" data-element_type=\"widget\" data-settings=\"{&quot;ekit_we_effect_on&quot;:&quot;none&quot;}\" data-widget_type=\"text-editor.default\">\n\t\t\t\t<div class=\"elementor-widget-container\">\n\t\t\t\t\t\t\t\t\t<table>\n<thead>\n<tr>\n<th>HAYIR.<\/th>\n<th>\u00dcretici firma<\/th>\n<th>Web sitesi<\/th>\n<\/tr>\n<\/thead>\n<tbody>\n<tr>\n<td>1<\/td>\n<td>TROTEC GmbH<\/td>\n<td><a href=\"https:\/\/www.danthermgroup.com\/de\/marken\/trotec\" target=\"_blank\" rel=\"noopener\">https:\/\/www.danthermgroup.com\/de\/marken\/trotec<\/a><\/td>\n<\/tr>\n<tr>\n<td>2<\/td>\n<td>AERIAL GmbH<\/td>\n<td><a href=\"https:\/\/www.danthermgroup.com\/de\/marken\/aerial\" target=\"_blank\" rel=\"noopener\">https:\/\/www.danthermgroup.com\/de\/marken\/aerial<\/a><\/td>\n<\/tr>\n<tr>\n<td>3<\/td>\n<td>HEYLO GmbH<\/td>\n<td><a href=\"https:\/\/www.danthermgroup.com\/de\/marken\/heylo\" target=\"_blank\" rel=\"noopener\">https:\/\/www.danthermgroup.com\/de\/marken\/heylo<\/a><\/td>\n<\/tr>\n<tr>\n<td>4<\/td>\n<td>REMKO GmbH &amp; Co. KG<\/td>\n<td><a href=\"https:\/\/www.remko.de\/en\/\" target=\"_blank\" rel=\"noopener\">https:\/\/www.remko.de\/en\/<\/a><\/td>\n<\/tr>\n<tr>\n<td>5<\/td>\n<td>Humitech Pro<\/td>\n<td><a href=\"https:\/\/www.humitechpro.com\/\">https:\/\/www.humitechpro.com\/<\/a><\/td>\n<\/tr>\n<tr>\n<td>6<\/td>\n<td>BRUNE Luftbefeuchtung Proklima GmbH<\/td>\n<td><a href=\"https:\/\/www.brune-humidifier.com\/\" target=\"_blank\" rel=\"noopener\">https:\/\/www.brune-humidifier.com\/<\/a><\/td>\n<\/tr>\n<tr>\n<td>7<\/td>\n<td>Heck K\u00e4ltetechnik GmbH<\/td>\n<td><a href=\"https:\/\/www.heck-kaeltetechnik.de\/\" target=\"_blank\" rel=\"noopener\">https:\/\/www.heck-kaeltetechnik.de\/<\/a><\/td>\n<\/tr>\n<tr>\n<td>8<\/td>\n<td>Hans Wilms GmbH &amp; Co. KG<\/td>\n<td><a href=\"https:\/\/wilms.de\/en\" target=\"_blank\" rel=\"noopener\">https:\/\/wilms.de\/en<\/a><\/td>\n<\/tr>\n<tr>\n<td>9<\/td>\n<td>Menerga GmbH<\/td>\n<td><a href=\"https:\/\/www.menerga.com\/en\" target=\"_blank\" rel=\"noopener\">https:\/\/www.menerga.com\/en<\/a><\/td>\n<\/tr>\n<tr>\n<td>10<\/td>\n<td>Kroll Energy GmbH<\/td>\n<td><a href=\"https:\/\/www.kroll.de\/en\/\" target=\"_blank\" rel=\"noopener\">https:\/\/www.kroll.de\/en\/<\/a><\/td>\n<\/tr>\n<\/tbody>\n<\/table>\t\t\t\t\t\t\t\t<\/div>\n\t\t\t\t<\/div>\n\t\t<div class=\"elementor-element elementor-element-a7cef9f e-grid e-con-full e-con e-child\" data-id=\"a7cef9f\" data-element_type=\"container\" data-settings=\"{&quot;ekit_has_onepagescroll_dot&quot;:&quot;yes&quot;}\">\n\t\t\t\t<div class=\"elementor-element elementor-element-fc0c825 elementor-widget elementor-widget-heading\" data-id=\"fc0c825\" data-element_type=\"widget\" data-settings=\"{&quot;ekit_we_effect_on&quot;:&quot;none&quot;}\" data-widget_type=\"heading.default\">\n\t\t\t\t<div class=\"elementor-widget-container\">\n\t\t\t\t\t<h3 class=\"elementor-heading-title elementor-size-default\">1. TROTEC GmbH<\/h3>\t\t\t\t<\/div>\n\t\t\t\t<\/div>\n\t\t\t\t<div class=\"elementor-element elementor-element-26327fa elementor-align-right elementor-widget elementor-widget-button\" data-id=\"26327fa\" data-element_type=\"widget\" data-settings=\"{&quot;ekit_we_effect_on&quot;:&quot;none&quot;}\" data-widget_type=\"button.default\">\n\t\t\t\t<div class=\"elementor-widget-container\">\n\t\t\t\t\t\t\t\t\t<div class=\"elementor-button-wrapper\">\n\t\t\t\t\t<a class=\"elementor-button elementor-button-link elementor-size-sm\" href=\"#elementor-action%3Aaction%3Dpopup%3Aopen%26settings%3DeyJpZCI6NjEyNywidG9nZ2xlIjpmYWxzZX0%3D\">\n\t\t\t\t\t\t<span class=\"elementor-button-content-wrapper\">\n\t\t\t\t\t\t<span class=\"elementor-button-icon\">\n\t\t\t\t<i aria-hidden=\"true\" class=\"fas fa-long-arrow-alt-right\"><\/i>\t\t\t<\/span>\n\t\t\t\t\t\t\t\t\t<span class=\"elementor-button-text\">Fiyat teklifi isteyin<\/span>\n\t\t\t\t\t<\/span>\n\t\t\t\t\t<\/a>\n\t\t\t\t<\/div>\n\t\t\t\t\t\t\t\t<\/div>\n\t\t\t\t<\/div>\n\t\t\t\t<\/div>\n\t\t\t\t<div class=\"elementor-element elementor-element-ee7e383 elementor-widget elementor-widget-text-editor\" data-id=\"ee7e383\" data-element_type=\"widget\" data-settings=\"{&quot;ekit_we_effect_on&quot;:&quot;none&quot;}\" data-widget_type=\"text-editor.default\">\n\t\t\t\t<div class=\"elementor-widget-container\">\n\t\t\t\t\t\t\t\t\t<ul>\n<li><b>Web sitesi:<\/b><a href=\"https:\/\/www.danthermgroup.com\/de\/marken\/trotec\" target=\"_blank\" rel=\"noopener\"> <span style=\"font-weight: 400;\">https:\/\/www.danthermgroup.com\/de\/marken\/trotec<\/span><\/a><\/li>\n<li><b>Genel Merkez:<\/b><span style=\"font-weight: 400;\"> Heinsberg, Almanya<\/span><\/li>\n<li><b>Deneyim Y\u0131l\u0131:<\/b><span style=\"font-weight: 400;\"> 25 y\u0131ldan fazla<\/span><\/li>\n<\/ul>\t\t\t\t\t\t\t\t<\/div>\n\t\t\t\t<\/div>\n\t\t\t\t<div class=\"elementor-element elementor-element-016beef elementor-widget elementor-widget-text-editor\" data-id=\"016beef\" data-element_type=\"widget\" data-settings=\"{&quot;ekit_we_effect_on&quot;:&quot;none&quot;}\" data-widget_type=\"text-editor.default\">\n\t\t\t\t<div class=\"elementor-widget-container\">\n\t\t\t\t\t\t\t\t\t<p><span style=\"font-weight: 400;\">TROTEC, Almanya&#8217;n\u0131n en tan\u0131nm\u0131\u015f nem alma cihaz\u0131 markalar\u0131ndan biridir ve konut, ticari ve in\u015faat kurutma uygulamalar\u0131 i\u00e7in eksiksiz bir \u00fcr\u00fcn yelpazesi sunar. \u015eirket ta\u015f\u0131nabilir \u00fcniteler, bina kurutucular\u0131, end\u00fcstriyel kurutucu sistemleri ve hava temizleyicileri \u00fcretmektedir. G\u00fcvenilirli\u011fi ve uygun fiyat\u0131yla tan\u0131nan TROTEC, Avrupa ve Orta Do\u011fu&#8217;da g\u00fc\u00e7l\u00fc bir varl\u0131k olu\u015fturmu\u015ftur.  <\/span><\/p>\t\t\t\t\t\t\t\t<\/div>\n\t\t\t\t<\/div>\n\t\t<div class=\"elementor-element elementor-element-df097bf e-grid e-con-full e-con e-child\" data-id=\"df097bf\" data-element_type=\"container\" data-settings=\"{&quot;ekit_has_onepagescroll_dot&quot;:&quot;yes&quot;}\">\n\t\t\t\t<div class=\"elementor-element elementor-element-0ff56b9 elementor-widget elementor-widget-heading\" data-id=\"0ff56b9\" data-element_type=\"widget\" data-settings=\"{&quot;ekit_we_effect_on&quot;:&quot;none&quot;}\" data-widget_type=\"heading.default\">\n\t\t\t\t<div class=\"elementor-widget-container\">\n\t\t\t\t\t<h3 class=\"elementor-heading-title elementor-size-default\">2. AERIAL GmbH<\/h3>\t\t\t\t<\/div>\n\t\t\t\t<\/div>\n\t\t\t\t<div class=\"elementor-element elementor-element-d4fcd60 elementor-align-right elementor-widget elementor-widget-button\" data-id=\"d4fcd60\" data-element_type=\"widget\" data-settings=\"{&quot;ekit_we_effect_on&quot;:&quot;none&quot;}\" data-widget_type=\"button.default\">\n\t\t\t\t<div class=\"elementor-widget-container\">\n\t\t\t\t\t\t\t\t\t<div class=\"elementor-button-wrapper\">\n\t\t\t\t\t<a class=\"elementor-button elementor-button-link elementor-size-sm\" href=\"#elementor-action%3Aaction%3Dpopup%3Aopen%26settings%3DeyJpZCI6NjEyNywidG9nZ2xlIjpmYWxzZX0%3D\">\n\t\t\t\t\t\t<span class=\"elementor-button-content-wrapper\">\n\t\t\t\t\t\t<span class=\"elementor-button-icon\">\n\t\t\t\t<i aria-hidden=\"true\" class=\"fas fa-long-arrow-alt-right\"><\/i>\t\t\t<\/span>\n\t\t\t\t\t\t\t\t\t<span class=\"elementor-button-text\">Fiyat teklifi isteyin<\/span>\n\t\t\t\t\t<\/span>\n\t\t\t\t\t<\/a>\n\t\t\t\t<\/div>\n\t\t\t\t\t\t\t\t<\/div>\n\t\t\t\t<\/div>\n\t\t\t\t<\/div>\n\t\t\t\t<div class=\"elementor-element elementor-element-7d351da elementor-widget elementor-widget-text-editor\" data-id=\"7d351da\" data-element_type=\"widget\" data-settings=\"{&quot;ekit_we_effect_on&quot;:&quot;none&quot;}\" data-widget_type=\"text-editor.default\">\n\t\t\t\t<div class=\"elementor-widget-container\">\n\t\t\t\t\t\t\t\t\t<ul>\n<li><b>Web sitesi:<\/b><a href=\"https:\/\/www.danthermgroup.com\/de\/marken\/aerial\" target=\"_blank\" rel=\"noopener\"> <span style=\"font-weight: 400;\">https:\/\/www.danthermgroup.com\/de\/marken\/aerial<\/span><\/a><\/li>\n<li><b>Genel Merkez:<\/b><span style=\"font-weight: 400;\"> Norderstedt, Almanya<\/span><\/li>\n<li><b>Deneyim Y\u0131l\u0131:<\/b><span style=\"font-weight: 400;\"> 1990&#8217;dan beri<\/span><\/li>\n<\/ul>\t\t\t\t\t\t\t\t<\/div>\n\t\t\t\t<\/div>\n\t\t\t\t<div class=\"elementor-element elementor-element-3e09680 elementor-widget elementor-widget-text-editor\" data-id=\"3e09680\" data-element_type=\"widget\" data-settings=\"{&quot;ekit_we_effect_on&quot;:&quot;none&quot;}\" data-widget_type=\"text-editor.default\">\n\t\t\t\t<div class=\"elementor-widget-container\">\n\t\t\t\t\t\t\t\t\t<p><span style=\"font-weight: 400;\">AERIAL GmbH, \u015fu anda Dantherm Group&#8217;un bir par\u00e7as\u0131 olan \u00f6nde gelen bir Alman nem al\u0131c\u0131 ve kurutma sistemleri \u00fcreticisidir. \u00dcr\u00fcnleri \u015fantiyelerde, su hasar\u0131 restorasyonunda ve kapal\u0131 havuz ortamlar\u0131nda yayg\u0131n olarak kullan\u0131lmaktad\u0131r. AERIAL&#8217;in duvara monte ve ta\u015f\u0131nabilir \u00fcniteleri kompakt tasar\u0131m, d\u00fc\u015f\u00fck g\u00fcr\u00fclt\u00fc ve hassas dijital kontrol a\u00e7\u0131s\u0131ndan de\u011ferlidir.  <\/span><\/p>\t\t\t\t\t\t\t\t<\/div>\n\t\t\t\t<\/div>\n\t\t<div class=\"elementor-element elementor-element-b773fb9 e-grid e-con-full e-con e-child\" data-id=\"b773fb9\" data-element_type=\"container\" data-settings=\"{&quot;ekit_has_onepagescroll_dot&quot;:&quot;yes&quot;}\">\n\t\t\t\t<div class=\"elementor-element elementor-element-4b85807 elementor-widget elementor-widget-heading\" data-id=\"4b85807\" data-element_type=\"widget\" data-settings=\"{&quot;ekit_we_effect_on&quot;:&quot;none&quot;}\" data-widget_type=\"heading.default\">\n\t\t\t\t<div class=\"elementor-widget-container\">\n\t\t\t\t\t<h3 class=\"elementor-heading-title elementor-size-default\">3. HEYLO GmbH<\/h3>\t\t\t\t<\/div>\n\t\t\t\t<\/div>\n\t\t\t\t<div class=\"elementor-element elementor-element-b8bbde8 elementor-align-right elementor-widget elementor-widget-button\" data-id=\"b8bbde8\" data-element_type=\"widget\" data-settings=\"{&quot;ekit_we_effect_on&quot;:&quot;none&quot;}\" data-widget_type=\"button.default\">\n\t\t\t\t<div class=\"elementor-widget-container\">\n\t\t\t\t\t\t\t\t\t<div class=\"elementor-button-wrapper\">\n\t\t\t\t\t<a class=\"elementor-button elementor-button-link elementor-size-sm\" href=\"#elementor-action%3Aaction%3Dpopup%3Aopen%26settings%3DeyJpZCI6NjEyNywidG9nZ2xlIjpmYWxzZX0%3D\">\n\t\t\t\t\t\t<span class=\"elementor-button-content-wrapper\">\n\t\t\t\t\t\t<span class=\"elementor-button-icon\">\n\t\t\t\t<i aria-hidden=\"true\" class=\"fas fa-long-arrow-alt-right\"><\/i>\t\t\t<\/span>\n\t\t\t\t\t\t\t\t\t<span class=\"elementor-button-text\">Fiyat teklifi isteyin<\/span>\n\t\t\t\t\t<\/span>\n\t\t\t\t\t<\/a>\n\t\t\t\t<\/div>\n\t\t\t\t\t\t\t\t<\/div>\n\t\t\t\t<\/div>\n\t\t\t\t<\/div>\n\t\t\t\t<div class=\"elementor-element elementor-element-cb69e7a elementor-widget elementor-widget-text-editor\" data-id=\"cb69e7a\" data-element_type=\"widget\" data-settings=\"{&quot;ekit_we_effect_on&quot;:&quot;none&quot;}\" data-widget_type=\"text-editor.default\">\n\t\t\t\t<div class=\"elementor-widget-container\">\n\t\t\t\t\t\t\t\t\t<ul>\n<li><b>Web sitesi:<\/b><a href=\"https:\/\/www.danthermgroup.com\/de\/marken\/heylo\" target=\"_blank\" rel=\"noopener\"> <span style=\"font-weight: 400;\">https:\/\/www.danthermgroup.com\/de\/marken\/heylo<\/span><\/a><\/li>\n<li><b>Genel Merkez:<\/b><span style=\"font-weight: 400;\"> Achim, Almanya<\/span><\/li>\n<li><b>Tecr\u00fcbe Y\u0131l\u0131:<\/b><span style=\"font-weight: 400;\"> 1958&#8217;den beri<\/span><\/li>\n<\/ul>\t\t\t\t\t\t\t\t<\/div>\n\t\t\t\t<\/div>\n\t\t\t\t<div class=\"elementor-element elementor-element-4256197 elementor-widget elementor-widget-text-editor\" data-id=\"4256197\" data-element_type=\"widget\" data-settings=\"{&quot;ekit_we_effect_on&quot;:&quot;none&quot;}\" data-widget_type=\"text-editor.default\">\n\t\t\t\t<div class=\"elementor-widget-container\">\n\t\t\t\t\t\t\t\t\t<p><span style=\"font-weight: 400;\">HEYLO, profesyonel kullan\u0131m i\u00e7in in\u015faat kurutucular\u0131, hava temizleyicileri ve \u0131s\u0131tma sistemleri \u00fcretmektedir. 60 y\u0131l\u0131 a\u015fk\u0131n deneyime sahip olan \u015firket, 2022 y\u0131l\u0131nda Dantherm Group&#8217;un bir par\u00e7as\u0131 olmu\u015ftur. HEYLO&#8217;nun sa\u011flam nem al\u0131c\u0131lar\u0131, ta\u015f\u0131nabilirlikleri, dayan\u0131kl\u0131l\u0131klar\u0131 ve zorlu i\u015f sahalar\u0131nda h\u0131zl\u0131 kurulumlar\u0131 nedeniyle m\u00fcteahhitler ve restorasyon uzmanlar\u0131 taraf\u0131ndan tercih edilmektedir.  <\/span><\/p>\t\t\t\t\t\t\t\t<\/div>\n\t\t\t\t<\/div>\n\t\t<div class=\"elementor-element elementor-element-25a40de e-grid e-con-full e-con e-child\" data-id=\"25a40de\" data-element_type=\"container\" data-settings=\"{&quot;ekit_has_onepagescroll_dot&quot;:&quot;yes&quot;}\">\n\t\t\t\t<div class=\"elementor-element elementor-element-92cc3cb elementor-widget elementor-widget-heading\" data-id=\"92cc3cb\" data-element_type=\"widget\" data-settings=\"{&quot;ekit_we_effect_on&quot;:&quot;none&quot;}\" data-widget_type=\"heading.default\">\n\t\t\t\t<div class=\"elementor-widget-container\">\n\t\t\t\t\t<h3 class=\"elementor-heading-title elementor-size-default\">4. REMKO GmbH &amp; Co. KG<\/h3>\t\t\t\t<\/div>\n\t\t\t\t<\/div>\n\t\t\t\t<div class=\"elementor-element elementor-element-09971d7 elementor-align-right elementor-widget elementor-widget-button\" data-id=\"09971d7\" data-element_type=\"widget\" data-settings=\"{&quot;ekit_we_effect_on&quot;:&quot;none&quot;}\" data-widget_type=\"button.default\">\n\t\t\t\t<div class=\"elementor-widget-container\">\n\t\t\t\t\t\t\t\t\t<div class=\"elementor-button-wrapper\">\n\t\t\t\t\t<a class=\"elementor-button elementor-button-link elementor-size-sm\" href=\"#elementor-action%3Aaction%3Dpopup%3Aopen%26settings%3DeyJpZCI6NjEyNywidG9nZ2xlIjpmYWxzZX0%3D\">\n\t\t\t\t\t\t<span class=\"elementor-button-content-wrapper\">\n\t\t\t\t\t\t<span class=\"elementor-button-icon\">\n\t\t\t\t<i aria-hidden=\"true\" class=\"fas fa-long-arrow-alt-right\"><\/i>\t\t\t<\/span>\n\t\t\t\t\t\t\t\t\t<span class=\"elementor-button-text\">Fiyat teklifi isteyin<\/span>\n\t\t\t\t\t<\/span>\n\t\t\t\t\t<\/a>\n\t\t\t\t<\/div>\n\t\t\t\t\t\t\t\t<\/div>\n\t\t\t\t<\/div>\n\t\t\t\t<\/div>\n\t\t\t\t<div class=\"elementor-element elementor-element-fda9255 elementor-widget elementor-widget-text-editor\" data-id=\"fda9255\" data-element_type=\"widget\" data-settings=\"{&quot;ekit_we_effect_on&quot;:&quot;none&quot;}\" data-widget_type=\"text-editor.default\">\n\t\t\t\t<div class=\"elementor-widget-container\">\n\t\t\t\t\t\t\t\t\t<ul>\n<li><b>Web sitesi:<\/b><a href=\"https:\/\/www.remko.de\/en\/\" target=\"_blank\" rel=\"noopener\"> <span style=\"font-weight: 400;\">https:\/\/www.remko.de\/en\/<\/span><\/a><\/li>\n<li><b>Genel Merkez:<\/b><span style=\"font-weight: 400;\"> Lage, Almanya<\/span><\/li>\n<li><b>Deneyim Y\u0131l\u0131:<\/b><span style=\"font-weight: 400;\"> 1976 y\u0131l\u0131nda kuruldu<\/span><\/li>\n<\/ul>\t\t\t\t\t\t\t\t<\/div>\n\t\t\t\t<\/div>\n\t\t\t\t<div class=\"elementor-element elementor-element-5d2fdc2 elementor-widget elementor-widget-text-editor\" data-id=\"5d2fdc2\" data-element_type=\"widget\" data-settings=\"{&quot;ekit_we_effect_on&quot;:&quot;none&quot;}\" data-widget_type=\"text-editor.default\">\n\t\t\t\t<div class=\"elementor-widget-container\">\n\t\t\t\t\t\t\t\t\t<p>REMKO, iklimlendirme, \u0131s\u0131tma ve nem alma \u00e7\u00f6z\u00fcmleri sunan k\u00f6kl\u00fc bir HVAC \u00fcreticisidir. Portf\u00f6y\u00fc ev tipi nem alma cihazlar\u0131ndan y\u00fcksek kapasiteli ticari \u00fcnitelere kadar uzanmaktad\u0131r. Kapsaml\u0131 sat\u0131\u015f sonras\u0131 deste\u011fi ve sa\u011flam Alman m\u00fchendisli\u011fi ile REMKO, hem yerel hem de Avrupa pazarlar\u0131na hizmet vermektedir.  <\/p>\t\t\t\t\t\t\t\t<\/div>\n\t\t\t\t<\/div>\n\t\t<div class=\"elementor-element elementor-element-0f60c05 e-grid e-con-full e-con e-child\" data-id=\"0f60c05\" data-element_type=\"container\" data-settings=\"{&quot;ekit_has_onepagescroll_dot&quot;:&quot;yes&quot;}\">\n\t\t\t\t<div class=\"elementor-element elementor-element-3e706a4 elementor-widget elementor-widget-heading\" data-id=\"3e706a4\" data-element_type=\"widget\" data-settings=\"{&quot;ekit_we_effect_on&quot;:&quot;none&quot;}\" data-widget_type=\"heading.default\">\n\t\t\t\t<div class=\"elementor-widget-container\">\n\t\t\t\t\t<h3 class=\"elementor-heading-title elementor-size-default\">5. Humitech Pro<\/h3>\t\t\t\t<\/div>\n\t\t\t\t<\/div>\n\t\t\t\t<div class=\"elementor-element elementor-element-acdc1b3 elementor-align-right elementor-widget elementor-widget-button\" data-id=\"acdc1b3\" data-element_type=\"widget\" data-settings=\"{&quot;ekit_we_effect_on&quot;:&quot;none&quot;}\" data-widget_type=\"button.default\">\n\t\t\t\t<div class=\"elementor-widget-container\">\n\t\t\t\t\t\t\t\t\t<div class=\"elementor-button-wrapper\">\n\t\t\t\t\t<a class=\"elementor-button elementor-button-link elementor-size-sm\" href=\"#elementor-action%3Aaction%3Dpopup%3Aopen%26settings%3DeyJpZCI6NjEyNywidG9nZ2xlIjpmYWxzZX0%3D\">\n\t\t\t\t\t\t<span class=\"elementor-button-content-wrapper\">\n\t\t\t\t\t\t<span class=\"elementor-button-icon\">\n\t\t\t\t<i aria-hidden=\"true\" class=\"fas fa-long-arrow-alt-right\"><\/i>\t\t\t<\/span>\n\t\t\t\t\t\t\t\t\t<span class=\"elementor-button-text\">Fiyat teklifi isteyin<\/span>\n\t\t\t\t\t<\/span>\n\t\t\t\t\t<\/a>\n\t\t\t\t<\/div>\n\t\t\t\t\t\t\t\t<\/div>\n\t\t\t\t<\/div>\n\t\t\t\t<\/div>\n\t\t\t\t<div class=\"elementor-element elementor-element-e1d3105 elementor-widget elementor-widget-text-editor\" data-id=\"e1d3105\" data-element_type=\"widget\" data-settings=\"{&quot;ekit_we_effect_on&quot;:&quot;none&quot;}\" data-widget_type=\"text-editor.default\">\n\t\t\t\t<div class=\"elementor-widget-container\">\n\t\t\t\t\t\t\t\t\t<ul>\n<li><b>Web sitesi:<\/b><a href=\"https:\/\/www.humitechpro.com\/\"> <span style=\"font-weight: 400;\">https:\/\/www.humitechpro.com\/<\/span><\/a><\/li>\n<li><b>Genel Merkez: <\/b><span style=\"font-weight: 400;\">Dongguan, \u00c7in (Almanya&#8217;da Avrupa i\u015fbirli\u011fi merkezi)<\/span><\/li>\n<li><b>Deneyim Y\u0131l\u0131:<\/b><span style=\"font-weight: 400;\"> OEM\/ODM nem alma cihaz\u0131 \u00fcretiminde 10 y\u0131l\u0131 a\u015fk\u0131n s\u00fcredir<\/span><\/li>\n<\/ul>\t\t\t\t\t\t\t\t<\/div>\n\t\t\t\t<\/div>\n\t\t\t\t<div class=\"elementor-element elementor-element-075facb elementor-widget elementor-widget-text-editor\" data-id=\"075facb\" data-element_type=\"widget\" data-settings=\"{&quot;ekit_we_effect_on&quot;:&quot;none&quot;}\" data-widget_type=\"text-editor.default\">\n\t\t\t\t<div class=\"elementor-widget-container\">\n\t\t\t\t\t\t\t\t\t<p><span style=\"font-weight: 400;\">Humitech Pro, k\u00fcresel ithalat\u00e7\u0131lar ve distrib\u00fct\u00f6rler i\u00e7in \u00f6zelle\u015ftirilmi\u015f \u00e7\u00f6z\u00fcmler sunan, geli\u015fmekte olan bir OEM\/ODM nem al\u0131c\u0131 \u00fcreticisidir. Asya merkezli modern \u00fcretim ve Avrupa m\u00fchendislik i\u015fbirli\u011fi ile CE, CB ve ISO9001 sertifikal\u0131 ev tipi, end\u00fcstriyel ve kurutucu nem al\u0131c\u0131lar sunmaktad\u0131r. Esnek \u00fcretim ile Alman kalitesinde tasar\u0131m arayan \u00f6zel markal\u0131 projeler i\u00e7in idealdir.  <\/span><\/p>\t\t\t\t\t\t\t\t<\/div>\n\t\t\t\t<\/div>\n\t\t<div class=\"elementor-element elementor-element-8ef0668 e-grid e-con-full e-con e-child\" data-id=\"8ef0668\" data-element_type=\"container\" data-settings=\"{&quot;ekit_has_onepagescroll_dot&quot;:&quot;yes&quot;}\">\n\t\t\t\t<div class=\"elementor-element elementor-element-231e59c elementor-widget elementor-widget-heading\" data-id=\"231e59c\" data-element_type=\"widget\" data-settings=\"{&quot;ekit_we_effect_on&quot;:&quot;none&quot;}\" data-widget_type=\"heading.default\">\n\t\t\t\t<div class=\"elementor-widget-container\">\n\t\t\t\t\t<h3 class=\"elementor-heading-title elementor-size-default\">6. BRUNE Luftbefeuchtung Proklima GmbH<\/h3>\t\t\t\t<\/div>\n\t\t\t\t<\/div>\n\t\t\t\t<div class=\"elementor-element elementor-element-ce5f5df elementor-align-right elementor-widget elementor-widget-button\" data-id=\"ce5f5df\" data-element_type=\"widget\" data-settings=\"{&quot;ekit_we_effect_on&quot;:&quot;none&quot;}\" data-widget_type=\"button.default\">\n\t\t\t\t<div class=\"elementor-widget-container\">\n\t\t\t\t\t\t\t\t\t<div class=\"elementor-button-wrapper\">\n\t\t\t\t\t<a class=\"elementor-button elementor-button-link elementor-size-sm\" href=\"#elementor-action%3Aaction%3Dpopup%3Aopen%26settings%3DeyJpZCI6NjEyNywidG9nZ2xlIjpmYWxzZX0%3D\">\n\t\t\t\t\t\t<span class=\"elementor-button-content-wrapper\">\n\t\t\t\t\t\t<span class=\"elementor-button-icon\">\n\t\t\t\t<i aria-hidden=\"true\" class=\"fas fa-long-arrow-alt-right\"><\/i>\t\t\t<\/span>\n\t\t\t\t\t\t\t\t\t<span class=\"elementor-button-text\">Fiyat teklifi isteyin<\/span>\n\t\t\t\t\t<\/span>\n\t\t\t\t\t<\/a>\n\t\t\t\t<\/div>\n\t\t\t\t\t\t\t\t<\/div>\n\t\t\t\t<\/div>\n\t\t\t\t<\/div>\n\t\t\t\t<div class=\"elementor-element elementor-element-a26b658 elementor-widget elementor-widget-text-editor\" data-id=\"a26b658\" data-element_type=\"widget\" data-settings=\"{&quot;ekit_we_effect_on&quot;:&quot;none&quot;}\" data-widget_type=\"text-editor.default\">\n\t\t\t\t<div class=\"elementor-widget-container\">\n\t\t\t\t\t\t\t\t\t<ul>\n<li><b>Web sitesi:<\/b><a href=\"https:\/\/www.brune-humidifier.com\/\" target=\"_blank\" rel=\"noopener\"> <span style=\"font-weight: 400;\">https:\/\/www.brune-humidifier.com\/<\/span><\/a><\/li>\n<li><b>Genel Merkez:<\/b><span style=\"font-weight: 400;\"> Vlotho, Almanya<\/span><\/li>\n<li><b>Deneyim Y\u0131l\u0131:<\/b><span style=\"font-weight: 400;\"> 1928 y\u0131l\u0131nda kuruldu<\/span><\/li>\n<\/ul>\t\t\t\t\t\t\t\t<\/div>\n\t\t\t\t<\/div>\n\t\t\t\t<div class=\"elementor-element elementor-element-c12e622 elementor-widget elementor-widget-text-editor\" data-id=\"c12e622\" data-element_type=\"widget\" data-settings=\"{&quot;ekit_we_effect_on&quot;:&quot;none&quot;}\" data-widget_type=\"text-editor.default\">\n\t\t\t\t<div class=\"elementor-widget-container\">\n\t\t\t\t\t\t\t\t\t<p><span style=\"font-weight: 400;\">BRUNE nem kontrol\u00fc, nemlendirme ve \u00f6l\u00e7\u00fcm teknolojisinde uzmanla\u015fm\u0131\u015ft\u0131r. Hassasiyeti ve kalitesiyle tan\u0131nan BRUNE, sabit nemin gerekli oldu\u011fu m\u00fczeler, ofisler ve ar\u015fivler i\u00e7in uygun kompakt nem al\u0131c\u0131lar sunmaktad\u0131r. \u015eirket ayr\u0131ca eksiksiz \u00e7evre y\u00f6netimi i\u00e7in geli\u015fmi\u015f iklim izleme cihazlar\u0131 da sunmaktad\u0131r.  <\/span><\/p>\t\t\t\t\t\t\t\t<\/div>\n\t\t\t\t<\/div>\n\t\t<div class=\"elementor-element elementor-element-1fdb6fc e-grid e-con-full e-con e-child\" data-id=\"1fdb6fc\" data-element_type=\"container\" data-settings=\"{&quot;ekit_has_onepagescroll_dot&quot;:&quot;yes&quot;}\">\n\t\t\t\t<div class=\"elementor-element elementor-element-dc1cf30 elementor-widget elementor-widget-heading\" data-id=\"dc1cf30\" data-element_type=\"widget\" data-settings=\"{&quot;ekit_we_effect_on&quot;:&quot;none&quot;}\" data-widget_type=\"heading.default\">\n\t\t\t\t<div class=\"elementor-widget-container\">\n\t\t\t\t\t<h3 class=\"elementor-heading-title elementor-size-default\">7. Heck K\u00e4ltetechnik GmbH<\/h3>\t\t\t\t<\/div>\n\t\t\t\t<\/div>\n\t\t\t\t<div class=\"elementor-element elementor-element-cc78701 elementor-align-right elementor-widget elementor-widget-button\" data-id=\"cc78701\" data-element_type=\"widget\" data-settings=\"{&quot;ekit_we_effect_on&quot;:&quot;none&quot;}\" data-widget_type=\"button.default\">\n\t\t\t\t<div class=\"elementor-widget-container\">\n\t\t\t\t\t\t\t\t\t<div class=\"elementor-button-wrapper\">\n\t\t\t\t\t<a class=\"elementor-button elementor-button-link elementor-size-sm\" href=\"#elementor-action%3Aaction%3Dpopup%3Aopen%26settings%3DeyJpZCI6NjEyNywidG9nZ2xlIjpmYWxzZX0%3D\">\n\t\t\t\t\t\t<span class=\"elementor-button-content-wrapper\">\n\t\t\t\t\t\t<span class=\"elementor-button-icon\">\n\t\t\t\t<i aria-hidden=\"true\" class=\"fas fa-long-arrow-alt-right\"><\/i>\t\t\t<\/span>\n\t\t\t\t\t\t\t\t\t<span class=\"elementor-button-text\">Fiyat teklifi isteyin<\/span>\n\t\t\t\t\t<\/span>\n\t\t\t\t\t<\/a>\n\t\t\t\t<\/div>\n\t\t\t\t\t\t\t\t<\/div>\n\t\t\t\t<\/div>\n\t\t\t\t<\/div>\n\t\t\t\t<div class=\"elementor-element elementor-element-adb12b3 elementor-widget elementor-widget-text-editor\" data-id=\"adb12b3\" data-element_type=\"widget\" data-settings=\"{&quot;ekit_we_effect_on&quot;:&quot;none&quot;}\" data-widget_type=\"text-editor.default\">\n\t\t\t\t<div class=\"elementor-widget-container\">\n\t\t\t\t\t\t\t\t\t<ul>\n<li><b>Web sitesi:<\/b><a href=\"https:\/\/www.heck-kaeltetechnik.de\/\" target=\"_blank\" rel=\"noopener\"> <span style=\"font-weight: 400;\">https:\/\/www.heck-kaeltetechnik.de\/<\/span><\/a><\/li>\n<li><b>Genel Merkez:<\/b><span style=\"font-weight: 400;\"> Steinhagen, Almanya<\/span><\/li>\n<li><b>Deneyim Y\u0131l\u0131:<\/b><span style=\"font-weight: 400;\"> 1970&#8217;lerden beri<\/span><\/li>\n<\/ul>\t\t\t\t\t\t\t\t<\/div>\n\t\t\t\t<\/div>\n\t\t\t\t<div class=\"elementor-element elementor-element-ed83443 elementor-widget elementor-widget-text-editor\" data-id=\"ed83443\" data-element_type=\"widget\" data-settings=\"{&quot;ekit_we_effect_on&quot;:&quot;none&quot;}\" data-widget_type=\"text-editor.default\">\n\t\t\t\t<div class=\"elementor-widget-container\">\n\t\t\t\t\t\t\t\t\t<p><span style=\"font-weight: 400;\">Heck K\u00e4ltetechnik, end\u00fcstriyel uygulamalar i\u00e7in \u00f6zel hava nem alma ve so\u011futma sistemleri tasarlamaktad\u0131r. Uzmanl\u0131\u011f\u0131 so\u011futma, proses havas\u0131 kurutma ve temiz oda nem kontrol\u00fcn\u00fc kapsar. Her sistem m\u00fc\u015fterinin \u00f6zel prosesine g\u00f6re uyarlan\u0131r ve Heck&#8217;i end\u00fcstriyel, farmas\u00f6tik ve hassas m\u00fchendislik projeleri i\u00e7in g\u00fcvenilir bir ortak haline getirir.  <\/span><\/p>\t\t\t\t\t\t\t\t<\/div>\n\t\t\t\t<\/div>\n\t\t<div class=\"elementor-element elementor-element-8540dca e-grid e-con-full e-con e-child\" data-id=\"8540dca\" data-element_type=\"container\" data-settings=\"{&quot;ekit_has_onepagescroll_dot&quot;:&quot;yes&quot;}\">\n\t\t\t\t<div class=\"elementor-element elementor-element-a76f0aa elementor-widget elementor-widget-heading\" data-id=\"a76f0aa\" data-element_type=\"widget\" data-settings=\"{&quot;ekit_we_effect_on&quot;:&quot;none&quot;}\" data-widget_type=\"heading.default\">\n\t\t\t\t<div class=\"elementor-widget-container\">\n\t\t\t\t\t<h3 class=\"elementor-heading-title elementor-size-default\">8. Hans Wilms GmbH &amp; Co. KG<\/h3>\t\t\t\t<\/div>\n\t\t\t\t<\/div>\n\t\t\t\t<div class=\"elementor-element elementor-element-027b144 elementor-align-right elementor-widget elementor-widget-button\" data-id=\"027b144\" data-element_type=\"widget\" data-settings=\"{&quot;ekit_we_effect_on&quot;:&quot;none&quot;}\" data-widget_type=\"button.default\">\n\t\t\t\t<div class=\"elementor-widget-container\">\n\t\t\t\t\t\t\t\t\t<div class=\"elementor-button-wrapper\">\n\t\t\t\t\t<a class=\"elementor-button elementor-button-link elementor-size-sm\" href=\"#elementor-action%3Aaction%3Dpopup%3Aopen%26settings%3DeyJpZCI6NjEyNywidG9nZ2xlIjpmYWxzZX0%3D\">\n\t\t\t\t\t\t<span class=\"elementor-button-content-wrapper\">\n\t\t\t\t\t\t<span class=\"elementor-button-icon\">\n\t\t\t\t<i aria-hidden=\"true\" class=\"fas fa-long-arrow-alt-right\"><\/i>\t\t\t<\/span>\n\t\t\t\t\t\t\t\t\t<span class=\"elementor-button-text\">Fiyat teklifi isteyin<\/span>\n\t\t\t\t\t<\/span>\n\t\t\t\t\t<\/a>\n\t\t\t\t<\/div>\n\t\t\t\t\t\t\t\t<\/div>\n\t\t\t\t<\/div>\n\t\t\t\t<\/div>\n\t\t\t\t<div class=\"elementor-element elementor-element-08d12cc elementor-widget elementor-widget-text-editor\" data-id=\"08d12cc\" data-element_type=\"widget\" data-settings=\"{&quot;ekit_we_effect_on&quot;:&quot;none&quot;}\" data-widget_type=\"text-editor.default\">\n\t\t\t\t<div class=\"elementor-widget-container\">\n\t\t\t\t\t\t\t\t\t<ul>\n<li><b>Web sitesi:<\/b><a href=\"https:\/\/wilms.de\/en\" target=\"_blank\" rel=\"noopener\"> <span style=\"font-weight: 400;\">https:\/\/wilms.de\/en<\/span><\/a><\/li>\n<li><b>Genel Merkez:<\/b><span style=\"font-weight: 400;\"> Menden, Almanya<\/span><\/li>\n<li><b>Deneyim Y\u0131l\u0131:<\/b><span style=\"font-weight: 400;\"> 1968 y\u0131l\u0131nda kuruldu<\/span><\/li>\n<\/ul>\t\t\t\t\t\t\t\t<\/div>\n\t\t\t\t<\/div>\n\t\t\t\t<div class=\"elementor-element elementor-element-c2c6e5c elementor-widget elementor-widget-text-editor\" data-id=\"c2c6e5c\" data-element_type=\"widget\" data-settings=\"{&quot;ekit_we_effect_on&quot;:&quot;none&quot;}\" data-widget_type=\"text-editor.default\">\n\t\t\t\t<div class=\"elementor-widget-container\">\n\t\t\t\t\t\t\t\t\t<p><span style=\"font-weight: 400;\">WILMS, profesyonel kullan\u0131c\u0131lar i\u00e7in mobil \u0131s\u0131t\u0131c\u0131lar, kurutucular ve temizlik ekipmanlar\u0131 \u00fcretmektedir. Ta\u015f\u0131nabilir nem alma cihazlar\u0131 in\u015faat kurutma, yenileme ve restorasyon alanlar\u0131nda yayg\u0131n olarak kullan\u0131lmaktad\u0131r. Dayan\u0131kl\u0131l\u0131\u011f\u0131, y\u00fcksek hava ak\u0131\u015f\u0131 ve bak\u0131m kolayl\u0131\u011f\u0131 ile tan\u0131nan WILMS, Almanya&#8217;daki m\u00fcteahhitler aras\u0131nda tercih edilen bir marka olmaya devam etmektedir.  <\/span><\/p>\t\t\t\t\t\t\t\t<\/div>\n\t\t\t\t<\/div>\n\t\t<div class=\"elementor-element elementor-element-b5aa24e e-grid e-con-full e-con e-child\" data-id=\"b5aa24e\" data-element_type=\"container\" data-settings=\"{&quot;ekit_has_onepagescroll_dot&quot;:&quot;yes&quot;}\">\n\t\t\t\t<div class=\"elementor-element elementor-element-f10c046 elementor-widget elementor-widget-heading\" data-id=\"f10c046\" data-element_type=\"widget\" data-settings=\"{&quot;ekit_we_effect_on&quot;:&quot;none&quot;}\" data-widget_type=\"heading.default\">\n\t\t\t\t<div class=\"elementor-widget-container\">\n\t\t\t\t\t<h3 class=\"elementor-heading-title elementor-size-default\">9. Menerga GmbH<\/h3>\t\t\t\t<\/div>\n\t\t\t\t<\/div>\n\t\t\t\t<div class=\"elementor-element elementor-element-d9636f3 elementor-align-right elementor-widget elementor-widget-button\" data-id=\"d9636f3\" data-element_type=\"widget\" data-settings=\"{&quot;ekit_we_effect_on&quot;:&quot;none&quot;}\" data-widget_type=\"button.default\">\n\t\t\t\t<div class=\"elementor-widget-container\">\n\t\t\t\t\t\t\t\t\t<div class=\"elementor-button-wrapper\">\n\t\t\t\t\t<a class=\"elementor-button elementor-button-link elementor-size-sm\" href=\"#elementor-action%3Aaction%3Dpopup%3Aopen%26settings%3DeyJpZCI6NjEyNywidG9nZ2xlIjpmYWxzZX0%3D\">\n\t\t\t\t\t\t<span class=\"elementor-button-content-wrapper\">\n\t\t\t\t\t\t<span class=\"elementor-button-icon\">\n\t\t\t\t<i aria-hidden=\"true\" class=\"fas fa-long-arrow-alt-right\"><\/i>\t\t\t<\/span>\n\t\t\t\t\t\t\t\t\t<span class=\"elementor-button-text\">Fiyat teklifi isteyin<\/span>\n\t\t\t\t\t<\/span>\n\t\t\t\t\t<\/a>\n\t\t\t\t<\/div>\n\t\t\t\t\t\t\t\t<\/div>\n\t\t\t\t<\/div>\n\t\t\t\t<\/div>\n\t\t\t\t<div class=\"elementor-element elementor-element-bc1041c elementor-widget elementor-widget-text-editor\" data-id=\"bc1041c\" data-element_type=\"widget\" data-settings=\"{&quot;ekit_we_effect_on&quot;:&quot;none&quot;}\" data-widget_type=\"text-editor.default\">\n\t\t\t\t<div class=\"elementor-widget-container\">\n\t\t\t\t\t\t\t\t\t<ul>\n<li><b>Web sitesi:<\/b><a href=\"https:\/\/www.menerga.com\/en\" target=\"_blank\" rel=\"noopener\"> <span style=\"font-weight: 400;\">https:\/\/www.menerga.com\/en<\/span><\/a><\/li>\n<li><b>Genel Merkez:<\/b><span style=\"font-weight: 400;\"> M\u00fclheim an der Ruhr, Almanya<\/span><\/li>\n<li><b>Deneyim Y\u0131l\u0131:<\/b><span style=\"font-weight: 400;\"> 1980&#8217;den beri<\/span><\/li>\n<\/ul>\t\t\t\t\t\t\t\t<\/div>\n\t\t\t\t<\/div>\n\t\t\t\t<div class=\"elementor-element elementor-element-7fd6185 elementor-widget elementor-widget-text-editor\" data-id=\"7fd6185\" data-element_type=\"widget\" data-settings=\"{&quot;ekit_we_effect_on&quot;:&quot;none&quot;}\" data-widget_type=\"text-editor.default\">\n\t\t\t\t<div class=\"elementor-widget-container\">\n\t\t\t\t\t\t\t\t\t<p><span style=\"font-weight: 400;\">Menerga, \u00f6zellikle y\u00fczme havuzlar\u0131, e\u011flence merkezleri ve b\u00fcy\u00fck binalar i\u00e7in entegre nem alma sistemlerine sahip hava i\u015fleme \u00fcnitelerinde uzmanla\u015fm\u0131\u015ft\u0131r. Sistemleri enerji tasarruflu havaland\u0131rma, \u0131s\u0131 geri kazan\u0131m\u0131 ve nem kontrol\u00fcn\u00fc tek bir kompakt \u00e7\u00f6z\u00fcmde bir araya getirerek \u015firketin s\u00fcrd\u00fcr\u00fclebilirlik ve yenilik\u00e7i bina teknolojisine olan ba\u011fl\u0131l\u0131\u011f\u0131n\u0131 yans\u0131tmaktad\u0131r. <\/span><\/p>\t\t\t\t\t\t\t\t<\/div>\n\t\t\t\t<\/div>\n\t\t<div class=\"elementor-element elementor-element-018592d e-grid e-con-full e-con e-child\" data-id=\"018592d\" data-element_type=\"container\" data-settings=\"{&quot;ekit_has_onepagescroll_dot&quot;:&quot;yes&quot;}\">\n\t\t\t\t<div class=\"elementor-element elementor-element-6aaeac7 elementor-widget elementor-widget-heading\" data-id=\"6aaeac7\" data-element_type=\"widget\" data-settings=\"{&quot;ekit_we_effect_on&quot;:&quot;none&quot;}\" data-widget_type=\"heading.default\">\n\t\t\t\t<div class=\"elementor-widget-container\">\n\t\t\t\t\t<h3 class=\"elementor-heading-title elementor-size-default\">10. Kroll Energy GmbH<\/h3>\t\t\t\t<\/div>\n\t\t\t\t<\/div>\n\t\t\t\t<div class=\"elementor-element elementor-element-cbbad74 elementor-align-right elementor-widget elementor-widget-button\" data-id=\"cbbad74\" data-element_type=\"widget\" data-settings=\"{&quot;ekit_we_effect_on&quot;:&quot;none&quot;}\" data-widget_type=\"button.default\">\n\t\t\t\t<div class=\"elementor-widget-container\">\n\t\t\t\t\t\t\t\t\t<div class=\"elementor-button-wrapper\">\n\t\t\t\t\t<a class=\"elementor-button elementor-button-link elementor-size-sm\" href=\"#elementor-action%3Aaction%3Dpopup%3Aopen%26settings%3DeyJpZCI6NjEyNywidG9nZ2xlIjpmYWxzZX0%3D\">\n\t\t\t\t\t\t<span class=\"elementor-button-content-wrapper\">\n\t\t\t\t\t\t<span class=\"elementor-button-icon\">\n\t\t\t\t<i aria-hidden=\"true\" class=\"fas fa-long-arrow-alt-right\"><\/i>\t\t\t<\/span>\n\t\t\t\t\t\t\t\t\t<span class=\"elementor-button-text\">Fiyat teklifi isteyin<\/span>\n\t\t\t\t\t<\/span>\n\t\t\t\t\t<\/a>\n\t\t\t\t<\/div>\n\t\t\t\t\t\t\t\t<\/div>\n\t\t\t\t<\/div>\n\t\t\t\t<\/div>\n\t\t\t\t<div class=\"elementor-element elementor-element-f2b6d81 elementor-widget elementor-widget-text-editor\" data-id=\"f2b6d81\" data-element_type=\"widget\" data-settings=\"{&quot;ekit_we_effect_on&quot;:&quot;none&quot;}\" data-widget_type=\"text-editor.default\">\n\t\t\t\t<div class=\"elementor-widget-container\">\n\t\t\t\t\t\t\t\t\t<ul>\n<li><b>Web sitesi:<\/b><a href=\"https:\/\/www.kroll.de\/en\/\" target=\"_blank\" rel=\"noopener\"> <span style=\"font-weight: 400;\">https:\/\/www.kroll.de\/en\/<\/span><\/a><\/li>\n<li><b>Genel Merkez:<\/b><span style=\"font-weight: 400;\"> Kirchberg\/Jagst, Almanya<\/span><\/li>\n<li><b>Deneyim Y\u0131l\u0131:<\/b><span style=\"font-weight: 400;\"> 50 y\u0131ldan fazla<\/span><\/li>\n<\/ul>\t\t\t\t\t\t\t\t<\/div>\n\t\t\t\t<\/div>\n\t\t\t\t<div class=\"elementor-element elementor-element-395b073 elementor-widget elementor-widget-text-editor\" data-id=\"395b073\" data-element_type=\"widget\" data-settings=\"{&quot;ekit_we_effect_on&quot;:&quot;none&quot;}\" data-widget_type=\"text-editor.default\">\n\t\t\t\t<div class=\"elementor-widget-container\">\n\t\t\t\t\t\t\t\t\t<p><span style=\"font-weight: 400;\">Kroll Energy, nem gidericiler, \u0131s\u0131t\u0131c\u0131lar ve fanlar dahil olmak \u00fczere \u015fantiye ve end\u00fcstriyel kurutma ekipmanlar\u0131na odaklanmaktad\u0131r. Sa\u011flam \u00fcniteleri, ge\u00e7ici kurutma ve b\u00fcy\u00fck \u00f6l\u00e7ekli nem kontrol\u00fc i\u00e7in idealdir. G\u00fcvenilirli\u011fi ve sadeli\u011fi ile tan\u0131nan Kroll, hem i\u00e7 hem de ihracat pazarlar\u0131na hizmet vermektedir.  <\/span><\/p>\t\t\t\t\t\t\t\t<\/div>\n\t\t\t\t<\/div>\n\t\t\t\t<div class=\"elementor-element elementor-element-954fc4f elementor-widget elementor-widget-heading\" data-id=\"954fc4f\" data-element_type=\"widget\" data-settings=\"{&quot;ekit_we_effect_on&quot;:&quot;none&quot;}\" data-widget_type=\"heading.default\">\n\t\t\t\t<div class=\"elementor-widget-container\">\n\t\t\t\t\t<h2 class=\"elementor-heading-title elementor-size-default\">Do\u011fru Nem Alma Cihaz\u0131 \u00dcreticisi Nas\u0131l Se\u00e7ilir<\/h2>\t\t\t\t<\/div>\n\t\t\t\t<\/div>\n\t\t\t\t<div class=\"elementor-element elementor-element-ac7cdf1 elementor-widget elementor-widget-text-editor\" data-id=\"ac7cdf1\" data-element_type=\"widget\" data-settings=\"{&quot;ekit_we_effect_on&quot;:&quot;none&quot;}\" data-widget_type=\"text-editor.default\">\n\t\t\t\t<div class=\"elementor-widget-container\">\n\t\t\t\t\t\t\t\t\t<p><span style=\"font-weight: 400;\">Do\u011fru nem alma cihaz\u0131 \u00fcreticisini se\u00e7mek, fiyatlar\u0131 kar\u015f\u0131la\u015ft\u0131rmaktan daha fazlas\u0131n\u0131 i\u00e7erir. Bu, uzun vadeli g\u00fcvenilirlik, verimlilik ve AB standartlar\u0131na uygunluk sa\u011flamakla ilgilidir. \u0130\u015fte bir Almanya orta\u011f\u0131 se\u00e7erken g\u00f6z \u00f6n\u00fcnde bulundurulmas\u0131 gereken temel fakt\u00f6rler:  <\/span><\/p>\t\t\t\t\t\t\t\t<\/div>\n\t\t\t\t<\/div>\n\t\t\t\t<div class=\"elementor-element elementor-element-599076e elementor-widget elementor-widget-heading\" data-id=\"599076e\" data-element_type=\"widget\" data-settings=\"{&quot;ekit_we_effect_on&quot;:&quot;none&quot;}\" data-widget_type=\"heading.default\">\n\t\t\t\t<div class=\"elementor-widget-container\">\n\t\t\t\t\t<h3 class=\"elementor-heading-title elementor-size-default\">Teknik Uzmanl\u0131k ve \u00dcr\u00fcn Yelpazesi<\/h3>\t\t\t\t<\/div>\n\t\t\t\t<\/div>\n\t\t\t\t<div class=\"elementor-element elementor-element-76691f0 elementor-widget elementor-widget-text-editor\" data-id=\"76691f0\" data-element_type=\"widget\" data-settings=\"{&quot;ekit_we_effect_on&quot;:&quot;none&quot;}\" data-widget_type=\"text-editor.default\">\n\t\t\t\t<div class=\"elementor-widget-container\">\n\t\t\t\t\t\t\t\t\t<p><span style=\"font-weight: 400;\">\u00dcreticinin ihtiya\u00e7 duydu\u011funuz segmentte (konut, ticari veya end\u00fcstriyel) uzmanla\u015ft\u0131\u011f\u0131ndan emin olun. TROTEC ve HEYLO gibi markalar profesyonel kurutmada \u00fcst\u00fcnl\u00fck sa\u011flarken, Menerga ve Heck K\u00e4ltetechnik HVAC ile entegre \u00e7\u00f6z\u00fcmlere odaklan\u0131r. <\/span><\/p>\t\t\t\t\t\t\t\t<\/div>\n\t\t\t\t<\/div>\n\t\t\t\t<div class=\"elementor-element elementor-element-e93fddf elementor-widget elementor-widget-heading\" data-id=\"e93fddf\" data-element_type=\"widget\" data-settings=\"{&quot;ekit_we_effect_on&quot;:&quot;none&quot;}\" data-widget_type=\"heading.default\">\n\t\t\t\t<div class=\"elementor-widget-container\">\n\t\t\t\t\t<h3 class=\"elementor-heading-title elementor-size-default\">Sertifikalar &amp; Uyumluluk<\/h3>\t\t\t\t<\/div>\n\t\t\t\t<\/div>\n\t\t\t\t<div class=\"elementor-element elementor-element-467ceef elementor-widget elementor-widget-text-editor\" data-id=\"467ceef\" data-element_type=\"widget\" data-settings=\"{&quot;ekit_we_effect_on&quot;:&quot;none&quot;}\" data-widget_type=\"text-editor.default\">\n\t\t\t\t<div class=\"elementor-widget-container\">\n\t\t\t\t\t\t\t\t\t<p><span style=\"font-weight: 400;\">Her zaman CE, ErP, ISO9001 ve RoHS sertifikalar\u0131n\u0131 kontrol edin. Bunlar, \u00fcreticinin AB g\u00fcvenlik, verimlilik ve \u00e7evre gereksinimlerini kar\u015f\u0131lad\u0131\u011f\u0131n\u0131 onaylar &#8211; Almanya&#8217;da ithalat ve kurulum i\u00e7in gereklidir. <\/span><\/p>\t\t\t\t\t\t\t\t<\/div>\n\t\t\t\t<\/div>\n\t\t\t\t<div class=\"elementor-element elementor-element-52c4432 elementor-widget elementor-widget-heading\" data-id=\"52c4432\" data-element_type=\"widget\" data-settings=\"{&quot;ekit_we_effect_on&quot;:&quot;none&quot;}\" data-widget_type=\"heading.default\">\n\t\t\t\t<div class=\"elementor-widget-container\">\n\t\t\t\t\t<h3 class=\"elementor-heading-title elementor-size-default\">OEM\/ODM Esnekli\u011fi<\/h3>\t\t\t\t<\/div>\n\t\t\t\t<\/div>\n\t\t\t\t<div class=\"elementor-element elementor-element-d24d22b elementor-widget elementor-widget-text-editor\" data-id=\"d24d22b\" data-element_type=\"widget\" data-settings=\"{&quot;ekit_we_effect_on&quot;:&quot;none&quot;}\" data-widget_type=\"text-editor.default\">\n\t\t\t\t<div class=\"elementor-widget-container\">\n\t\t\t\t\t\t\t\t\t<p><span style=\"font-weight: 400;\">\u00d6zel etiketli projeler i\u00e7in tedarik\u00e7inin \u00f6zel tasar\u0131m, markalama ve teknik dok\u00fcmantasyonu destekledi\u011fini do\u011frulay\u0131n. Humitech Pro gibi yeni nesil OEM&#8217;ler maliyet verimlili\u011fini Alman m\u00fchendislik kalitesiyle birle\u015ftirebilir. <\/span><\/p>\t\t\t\t\t\t\t\t<\/div>\n\t\t\t\t<\/div>\n\t\t\t\t<div class=\"elementor-element elementor-element-c28bfe9 elementor-widget elementor-widget-heading\" data-id=\"c28bfe9\" data-element_type=\"widget\" data-settings=\"{&quot;ekit_we_effect_on&quot;:&quot;none&quot;}\" data-widget_type=\"heading.default\">\n\t\t\t\t<div class=\"elementor-widget-container\">\n\t\t\t\t\t<h3 class=\"elementor-heading-title elementor-size-default\">Sat\u0131\u015f Sonras\u0131 Destek ve Yedek Par\u00e7a Bulunabilirli\u011fi<\/h3>\t\t\t\t<\/div>\n\t\t\t\t<\/div>\n\t\t\t\t<div class=\"elementor-element elementor-element-9458cb9 elementor-widget elementor-widget-text-editor\" data-id=\"9458cb9\" data-element_type=\"widget\" data-settings=\"{&quot;ekit_we_effect_on&quot;:&quot;none&quot;}\" data-widget_type=\"text-editor.default\">\n\t\t\t\t<div class=\"elementor-widget-container\">\n\t\t\t\t\t\t\t\t\t<p><span style=\"font-weight: 400;\">G\u00fcvenilir sat\u0131\u015f sonras\u0131 hizmet \u00e7ok \u00f6nemlidir. Bak\u0131m a\u011flar\u0131, garanti kapsam\u0131 ve yerel yedek par\u00e7a deposu olan \u00fcreticileri se\u00e7in &#8211; REMKO ve BRUNE m\u00fckemmel \u00f6rneklerdir. <\/span><\/p>\t\t\t\t\t\t\t\t<\/div>\n\t\t\t\t<\/div>\n\t\t\t\t<div class=\"elementor-element elementor-element-5d66e34 elementor-widget elementor-widget-heading\" data-id=\"5d66e34\" data-element_type=\"widget\" data-settings=\"{&quot;ekit_we_effect_on&quot;:&quot;none&quot;}\" data-widget_type=\"heading.default\">\n\t\t\t\t<div class=\"elementor-widget-container\">\n\t\t\t\t\t<h3 class=\"elementor-heading-title elementor-size-default\">Enerji Verimlili\u011fi ve S\u00fcrd\u00fcr\u00fclebilirlik<\/h3>\t\t\t\t<\/div>\n\t\t\t\t<\/div>\n\t\t\t\t<div class=\"elementor-element elementor-element-7b01416 elementor-widget elementor-widget-text-editor\" data-id=\"7b01416\" data-element_type=\"widget\" data-settings=\"{&quot;ekit_we_effect_on&quot;:&quot;none&quot;}\" data-widget_type=\"text-editor.default\">\n\t\t\t\t<div class=\"elementor-widget-container\">\n\t\t\t\t\t\t\t\t\t<p><span style=\"font-weight: 400;\">Almanya&#8217;n\u0131n ye\u015fil teknolojiye odaklanmas\u0131yla birlikte, ErP uyumlu, enerji tasarruflu ve \u00e7evre dostu modelleri aray\u0131n. Azalt\u0131lm\u0131\u015f enerji t\u00fcketimi hem maliyet verimlili\u011fini hem de mevzuata uygunlu\u011fu art\u0131r\u0131r. <\/span><\/p>\t\t\t\t\t\t\t\t<\/div>\n\t\t\t\t<\/div>\n\t\t\t\t<div class=\"elementor-element elementor-element-6304692 elementor-widget elementor-widget-heading\" data-id=\"6304692\" data-element_type=\"widget\" data-settings=\"{&quot;ekit_we_effect_on&quot;:&quot;none&quot;}\" data-widget_type=\"heading.default\">\n\t\t\t\t<div class=\"elementor-widget-container\">\n\t\t\t\t\t<h3 class=\"elementor-heading-title elementor-size-default\">Teslim S\u00fcresi ve Lojistik Yetenekler<\/h3>\t\t\t\t<\/div>\n\t\t\t\t<\/div>\n\t\t\t\t<div class=\"elementor-element elementor-element-f3563d7 elementor-widget elementor-widget-text-editor\" data-id=\"f3563d7\" data-element_type=\"widget\" data-settings=\"{&quot;ekit_we_effect_on&quot;:&quot;none&quot;}\" data-widget_type=\"text-editor.default\">\n\t\t\t\t<div class=\"elementor-widget-container\">\n\t\t\t\t\t\t\t\t\t<p><span style=\"font-weight: 400;\">\u00dcretim programlar\u0131n\u0131 ve teslimat ko\u015fullar\u0131n\u0131 \u00f6nceden g\u00f6r\u00fc\u015f\u00fcn. \u015eeffaf bir tedarik\u00e7i EXW\/FOB\/DDP zaman \u00e7izelgelerini a\u00e7\u0131k\u00e7a belirtmeli ve CE belgeleri ile ithalat s\u00fcre\u00e7lerinde yard\u0131mc\u0131 olmal\u0131d\u0131r. <\/span><\/p>\t\t\t\t\t\t\t\t<\/div>\n\t\t\t\t<\/div>\n\t\t\t\t<div class=\"elementor-element elementor-element-bad4ca9 elementor-widget elementor-widget-text-editor\" data-id=\"bad4ca9\" data-element_type=\"widget\" data-settings=\"{&quot;ekit_we_effect_on&quot;:&quot;none&quot;}\" data-widget_type=\"text-editor.default\">\n\t\t\t\t<div class=\"elementor-widget-container\">\n\t\t\t\t\t\t\t\t\t<p><span style=\"font-weight: 400;\">Bu fakt\u00f6rleri dikkatlice tartarak, hem teknik gereksinimlerinize hem de i\u015f hedeflerinize uyan g\u00fcvenilir bir Alman nem alma cihaz\u0131 \u00fcreticisi belirleyebilirsiniz.<\/span><\/p>\t\t\t\t\t\t\t\t<\/div>\n\t\t\t\t<\/div>\n\t\t\t\t<div class=\"elementor-element elementor-element-1fe8052 elementor-widget elementor-widget-heading\" data-id=\"1fe8052\" data-element_type=\"widget\" data-settings=\"{&quot;ekit_we_effect_on&quot;:&quot;none&quot;}\" data-widget_type=\"heading.default\">\n\t\t\t\t<div class=\"elementor-widget-container\">\n\t\t\t\t\t<h2 class=\"elementor-heading-title elementor-size-default\">Almanya'da Do\u011fru Nem Alma Cihaz\u0131 \u00dcreticisini Se\u00e7meye \u0130li\u015fkin SSS<\/h2>\t\t\t\t<\/div>\n\t\t\t\t<\/div>\n\t\t\t\t<div class=\"elementor-element elementor-element-6783154 elementor-widget elementor-widget-heading\" data-id=\"6783154\" data-element_type=\"widget\" data-settings=\"{&quot;ekit_we_effect_on&quot;:&quot;none&quot;}\" data-widget_type=\"heading.default\">\n\t\t\t\t<div class=\"elementor-widget-container\">\n\t\t\t\t\t<h3 class=\"elementor-heading-title elementor-size-default\">Uygulamam i\u00e7in do\u011fru nem alma cihaz\u0131 tipini nas\u0131l se\u00e7erim?<\/h3>\t\t\t\t<\/div>\n\t\t\t\t<\/div>\n\t\t\t\t<div class=\"elementor-element elementor-element-d8948bf elementor-widget elementor-widget-text-editor\" data-id=\"d8948bf\" data-element_type=\"widget\" data-settings=\"{&quot;ekit_we_effect_on&quot;:&quot;none&quot;}\" data-widget_type=\"text-editor.default\">\n\t\t\t\t<div class=\"elementor-widget-container\">\n\t\t\t\t\t\t\t\t\t<p><span style=\"font-weight: 400;\">Bulundu\u011funuz ortama ve nem seviyesine ba\u011fl\u0131d\u0131r.<\/span><\/p>\n<ul>\n<li style=\"font-weight: 400;\" aria-level=\"1\"><span style=\"font-weight: 400;\">Yo\u011fu\u015fmal\u0131 nem al\u0131c\u0131lar normal s\u0131cakl\u0131klar (10\u00b0C \u00fczeri) i\u00e7in ideal olup evler, ofisler ve bodrumlar i\u00e7in idealdir.<\/span><\/li>\n<li style=\"font-weight: 400;\" aria-level=\"1\"><span style=\"font-weight: 400;\">Nem al\u0131c\u0131lar depolar, fabrikalar veya temiz odalar gibi daha so\u011fuk veya end\u00fcstriyel ko\u015fullarda (10\u00b0C&#8217;nin alt\u0131nda) daha iyi performans g\u00f6sterir.<\/span><\/li>\n<\/ul>\n<p><span style=\"font-weight: 400;\">Emin de\u011filseniz, nem seviyenize ve \u00e7al\u0131\u015fma s\u0131cakl\u0131\u011f\u0131n\u0131za g\u00f6re teknik rehberlik i\u00e7in \u00fcreticilere dan\u0131\u015f\u0131n.<\/span><\/p>\t\t\t\t\t\t\t\t<\/div>\n\t\t\t\t<\/div>\n\t\t\t\t<div class=\"elementor-element elementor-element-18c9557 elementor-widget elementor-widget-heading\" data-id=\"18c9557\" data-element_type=\"widget\" data-settings=\"{&quot;ekit_we_effect_on&quot;:&quot;none&quot;}\" data-widget_type=\"heading.default\">\n\t\t\t\t<div class=\"elementor-widget-container\">\n\t\t\t\t\t<h3 class=\"elementor-heading-title elementor-size-default\">Alman yap\u0131m\u0131 nem al\u0131c\u0131lar enerji a\u00e7\u0131s\u0131ndan daha m\u0131 verimli?<\/h3>\t\t\t\t<\/div>\n\t\t\t\t<\/div>\n\t\t\t\t<div class=\"elementor-element elementor-element-9374432 elementor-widget elementor-widget-text-editor\" data-id=\"9374432\" data-element_type=\"widget\" data-settings=\"{&quot;ekit_we_effect_on&quot;:&quot;none&quot;}\" data-widget_type=\"text-editor.default\">\n\t\t\t\t<div class=\"elementor-widget-container\">\n\t\t\t\t\t\t\t\t\t<p><span style=\"font-weight: 400;\">Evet. \u00c7o\u011fu Alman \u00fcretici AB ErP ve CE enerji standartlar\u0131n\u0131 kar\u015f\u0131layarak d\u00fc\u015f\u00fck g\u00fc\u00e7 t\u00fcketimi ve istikrarl\u0131 performans sa\u011flar. <\/span><\/p>\t\t\t\t\t\t\t\t<\/div>\n\t\t\t\t<\/div>\n\t\t\t\t<div class=\"elementor-element elementor-element-85b5b55 elementor-widget elementor-widget-heading\" data-id=\"85b5b55\" data-element_type=\"widget\" data-settings=\"{&quot;ekit_we_effect_on&quot;:&quot;none&quot;}\" data-widget_type=\"heading.default\">\n\t\t\t\t<div class=\"elementor-widget-container\">\n\t\t\t\t\t<h3 class=\"elementor-heading-title elementor-size-default\">Alman \u00fcreticiler CE ve ISO9001 sertifikalar\u0131 sa\u011fl\u0131yor mu?<\/h3>\t\t\t\t<\/div>\n\t\t\t\t<\/div>\n\t\t\t\t<div class=\"elementor-element elementor-element-4cbc07f elementor-widget elementor-widget-text-editor\" data-id=\"4cbc07f\" data-element_type=\"widget\" data-settings=\"{&quot;ekit_we_effect_on&quot;:&quot;none&quot;}\" data-widget_type=\"text-editor.default\">\n\t\t\t\t<div class=\"elementor-widget-container\">\n\t\t\t\t\t\t\t\t\t<p>Kesinlikle. T\u00fcm sayg\u0131n Alman nem alma cihaz\u0131 \u00fcreticileri CE uygunlu\u011fu, ISO9001 ve genellikle RoHS \/ REACH uyumlulu\u011fu sunar. <\/p>\n<p>Sat\u0131n almadan veya ithal etmeden \u00f6nce, Uygunluk Beyan\u0131 (DoC) veya sertifika kopyalar\u0131n\u0131 talep edin; bu, modelin AB g\u00fcvenlik ve \u00e7evre standartlar\u0131n\u0131 kar\u015f\u0131lamas\u0131n\u0131 sa\u011flar.<\/p>\t\t\t\t\t\t\t\t<\/div>\n\t\t\t\t<\/div>\n\t\t\t\t<div class=\"elementor-element elementor-element-6f90f17 elementor-widget elementor-widget-heading\" data-id=\"6f90f17\" data-element_type=\"widget\" data-settings=\"{&quot;ekit_we_effect_on&quot;:&quot;none&quot;}\" data-widget_type=\"heading.default\">\n\t\t\t\t<div class=\"elementor-widget-container\">\n\t\t\t\t\t<h3 class=\"elementor-heading-title elementor-size-default\">Alman \u00fcreticilerden OEM veya ODM \u00fcretim talep edebilir miyim?<\/h3>\t\t\t\t<\/div>\n\t\t\t\t<\/div>\n\t\t\t\t<div class=\"elementor-element elementor-element-a0e897d elementor-widget elementor-widget-text-editor\" data-id=\"a0e897d\" data-element_type=\"widget\" data-settings=\"{&quot;ekit_we_effect_on&quot;:&quot;none&quot;}\" data-widget_type=\"text-editor.default\">\n\t\t\t\t<div class=\"elementor-widget-container\">\n\t\t\t\t\t\t\t\t\t<p><span style=\"font-weight: 400;\">Humitech Pro ve Heck K\u00e4ltetechnik gibi baz\u0131 \u015firketler OEM\/ODM i\u015fbirli\u011fi sunmaktad\u0131r.  <\/span><span style=\"font-weight: 400;\">Geleneksel markalar genellikle kendi \u00fcretimlerine odaklan\u0131r, ancak Alman tasar\u0131m\u0131 + Asya \u00fcretimi olan hibrit modeller uygun maliyetli esneklik sunar.<\/span><\/p>\t\t\t\t\t\t\t\t<\/div>\n\t\t\t\t<\/div>\n\t\t\t\t<div class=\"elementor-element elementor-element-e3a194b elementor-widget elementor-widget-heading\" data-id=\"e3a194b\" data-element_type=\"widget\" data-settings=\"{&quot;ekit_we_effect_on&quot;:&quot;none&quot;}\" data-widget_type=\"heading.default\">\n\t\t\t\t<div class=\"elementor-widget-container\">\n\t\t\t\t\t<h3 class=\"elementor-heading-title elementor-size-default\">Almanya'da nem al\u0131c\u0131lar i\u00e7in ortalama teslimat s\u00fcresi ne kadard\u0131r?<\/h3>\t\t\t\t<\/div>\n\t\t\t\t<\/div>\n\t\t\t\t<div class=\"elementor-element elementor-element-ef234c5 elementor-widget elementor-widget-text-editor\" data-id=\"ef234c5\" data-element_type=\"widget\" data-settings=\"{&quot;ekit_we_effect_on&quot;:&quot;none&quot;}\" data-widget_type=\"text-editor.default\">\n\t\t\t\t<div class=\"elementor-widget-container\">\n\t\t\t\t\t\t\t\t\t<p><span style=\"font-weight: 400;\">Teslim s\u00fcreleri modele ve \u00fcretim \u00f6l\u00e7e\u011fine ba\u011fl\u0131 olarak de\u011fi\u015fir:<\/span><\/p>\n<ul>\n<li style=\"font-weight: 400;\" aria-level=\"1\"><span style=\"font-weight: 400;\">Stokta bulunan ta\u015f\u0131nabilir \u00fcniteler: AB i\u00e7inde 7-14 g\u00fcn.<\/span><\/li>\n<li style=\"font-weight: 400;\" aria-level=\"1\"><span style=\"font-weight: 400;\">\u00d6zel veya end\u00fcstriyel sistemler: 4-8 hafta teslim s\u00fcresi.<\/span><\/li>\n<\/ul>\n<p><span style=\"font-weight: 400;\">Deniza\u015f\u0131r\u0131 sipari\u015flerde, g\u00fcmr\u00fck i\u015flemlerini kolayla\u015ft\u0131rmak i\u00e7in tedarik\u00e7inin DDP veya CIF teslimat\u0131 destekleyip desteklemedi\u011fini teyit edin.<\/span><\/p>\t\t\t\t\t\t\t\t<\/div>\n\t\t\t\t<\/div>\n\t\t\t\t<div class=\"elementor-element elementor-element-341961b elementor-widget elementor-widget-heading\" data-id=\"341961b\" data-element_type=\"widget\" data-settings=\"{&quot;ekit_we_effect_on&quot;:&quot;none&quot;}\" data-widget_type=\"heading.default\">\n\t\t\t\t<div class=\"elementor-widget-container\">\n\t\t\t\t\t<h3 class=\"elementor-heading-title elementor-size-default\">Alman \u00fcreticilerin sat\u0131\u015f sonras\u0131 deste\u011fi ne kadar g\u00fcvenilir?<\/h3>\t\t\t\t<\/div>\n\t\t\t\t<\/div>\n\t\t\t\t<div class=\"elementor-element elementor-element-a3c288e elementor-widget elementor-widget-text-editor\" data-id=\"a3c288e\" data-element_type=\"widget\" data-settings=\"{&quot;ekit_we_effect_on&quot;:&quot;none&quot;}\" data-widget_type=\"text-editor.default\">\n\t\t\t\t<div class=\"elementor-widget-container\">\n\t\t\t\t\t\t\t\t\t<p><span style=\"font-weight: 400;\">Alman markalar\u0131 g\u00fcvenilir servis ve yedek par\u00e7a tedarikiyle tan\u0131n\u0131r.<\/span><\/p>\n<p><span style=\"font-weight: 400;\">REMKO, TROTEC ve HEYLO gibi \u00fcreticiler, daha h\u0131zl\u0131 bak\u0131m ve onar\u0131m i\u00e7in Almanya ve AB genelinde yerel servis merkezleri bulundurmaktad\u0131r.<\/span><\/p>\t\t\t\t\t\t\t\t<\/div>\n\t\t\t\t<\/div>\n\t\t\t\t<div class=\"elementor-element elementor-element-d36f330 elementor-widget elementor-widget-heading\" data-id=\"d36f330\" data-element_type=\"widget\" data-settings=\"{&quot;ekit_we_effect_on&quot;:&quot;none&quot;}\" data-widget_type=\"heading.default\">\n\t\t\t\t<div class=\"elementor-widget-container\">\n\t\t\t\t\t<h3 class=\"elementor-heading-title elementor-size-default\">Profesyonel nem alma cihazlar\u0131 \u00f6zel bak\u0131m gerektirir mi?<\/h3>\t\t\t\t<\/div>\n\t\t\t\t<\/div>\n\t\t\t\t<div class=\"elementor-element elementor-element-8152205 elementor-widget elementor-widget-text-editor\" data-id=\"8152205\" data-element_type=\"widget\" data-settings=\"{&quot;ekit_we_effect_on&quot;:&quot;none&quot;}\" data-widget_type=\"text-editor.default\">\n\t\t\t\t<div class=\"elementor-widget-container\">\n\t\t\t\t\t\t\t\t\t<p><span style=\"font-weight: 400;\">Evet. End\u00fcstriyel modellerde d\u00fczenli filtre temizli\u011fi, bobin bak\u0131m\u0131 ve sens\u00f6r kalibrasyonu gerekir. <\/span><\/p>\t\t\t\t\t\t\t\t<\/div>\n\t\t\t\t<\/div>\n\t\t\t\t<div class=\"elementor-element elementor-element-e542d40 elementor-widget elementor-widget-heading\" data-id=\"e542d40\" data-element_type=\"widget\" data-settings=\"{&quot;ekit_we_effect_on&quot;:&quot;none&quot;}\" data-widget_type=\"heading.default\">\n\t\t\t\t<div class=\"elementor-widget-container\">\n\t\t\t\t\t<h3 class=\"elementor-heading-title elementor-size-default\">Ev veya ofis kullan\u0131m\u0131 i\u00e7in hangi g\u00fcr\u00fclt\u00fc seviyesi kabul edilebilir?<\/h3>\t\t\t\t<\/div>\n\t\t\t\t<\/div>\n\t\t\t\t<div class=\"elementor-element elementor-element-bd12f7f elementor-widget elementor-widget-text-editor\" data-id=\"bd12f7f\" data-element_type=\"widget\" data-settings=\"{&quot;ekit_we_effect_on&quot;:&quot;none&quot;}\" data-widget_type=\"text-editor.default\">\n\t\t\t\t<div class=\"elementor-widget-container\">\n\t\t\t\t\t\t\t\t\t<p><span style=\"font-weight: 400;\">Konfor i\u00e7in 50 dB(A)&#8217;n\u0131n alt\u0131ndaki \u00fcniteleri aray\u0131n. BRUNE ve AERIAL ofisler, oteller ve k\u00fct\u00fcphaneler i\u00e7in uygun \u00f6zellikle sessiz modeller sunmaktad\u0131r. Ses seviyesi \u00f6zellikleri i\u00e7in her zaman veri sayfalar\u0131n\u0131 kontrol edin.  <\/span><\/p>\t\t\t\t\t\t\t\t<\/div>\n\t\t\t\t<\/div>\n\t\t\t\t<div class=\"elementor-element elementor-element-43e9144 elementor-widget elementor-widget-heading\" data-id=\"43e9144\" data-element_type=\"widget\" data-settings=\"{&quot;ekit_we_effect_on&quot;:&quot;none&quot;}\" data-widget_type=\"heading.default\">\n\t\t\t\t<div class=\"elementor-widget-container\">\n\t\t\t\t\t<h3 class=\"elementor-heading-title elementor-size-default\">Alman nem alma cihazlar\u0131 ak\u0131ll\u0131 ev veya BMS sistemleri ile uyumlu mu?<\/h3>\t\t\t\t<\/div>\n\t\t\t\t<\/div>\n\t\t\t\t<div class=\"elementor-element elementor-element-99ec468 elementor-widget elementor-widget-text-editor\" data-id=\"99ec468\" data-element_type=\"widget\" data-settings=\"{&quot;ekit_we_effect_on&quot;:&quot;none&quot;}\" data-widget_type=\"text-editor.default\">\n\t\t\t\t<div class=\"elementor-widget-container\">\n\t\t\t\t\t\t\t\t\t<p><span style=\"font-weight: 400;\">Evet. Bir\u00e7ok modern \u00fcnite ak\u0131ll\u0131 sens\u00f6rlere, Wi-Fi veya Modbus ba\u011flant\u0131s\u0131na ve Bina Y\u00f6netim Sistemleri (BMS) ile entegrasyona sahiptir &#8211; y\u00fczme havuzlar\u0131, veri merkezleri ve hassas ortamlar i\u00e7in idealdir. <\/span><\/p>\t\t\t\t\t\t\t\t<\/div>\n\t\t\t\t<\/div>\n\t\t\t\t<div class=\"elementor-element elementor-element-effee21 elementor-widget elementor-widget-heading\" data-id=\"effee21\" data-element_type=\"widget\" data-settings=\"{&quot;ekit_we_effect_on&quot;:&quot;none&quot;}\" data-widget_type=\"heading.default\">\n\t\t\t\t<div class=\"elementor-widget-container\">\n\t\t\t\t\t<h2 class=\"elementor-heading-title elementor-size-default\">Sonu\u00e7<\/h2>\t\t\t\t<\/div>\n\t\t\t\t<\/div>\n\t\t\t\t<div class=\"elementor-element elementor-element-e1249e2 elementor-widget elementor-widget-text-editor\" data-id=\"e1249e2\" data-element_type=\"widget\" data-settings=\"{&quot;ekit_we_effect_on&quot;:&quot;none&quot;}\" data-widget_type=\"text-editor.default\">\n\t\t\t\t<div class=\"elementor-widget-container\">\n\t\t\t\t\t\t\t\t\t<p><span style=\"font-weight: 400;\">Almanya&#8217;n\u0131n nem alma end\u00fcstrisi yenilik, hassasiyet ve \u00e7evresel sorumlulu\u011fu harmanlamaktad\u0131r. B\u00fcy\u00fck \u00f6l\u00e7ekli sistemler i\u00e7in Menerga ve Heck K\u00e4ltetechnik&#8217;ten profesyonel ta\u015f\u0131nabilir \u00fcniteler i\u00e7in TROTEC, HEYLO ve REMKO&#8217;ya kadar, al\u0131c\u0131lar her uygulamada g\u00fcvenilir \u00e7\u00f6z\u00fcmler bulabilirler. OEM veya \u00f6zel etiket esnekli\u011fi arayanlar i\u00e7in Humitech Pro, Alman esintili tasar\u0131m\u0131 uygun maliyetli \u00fcretim ve tam CE\/ISO sertifikasyonu ile harmanlayarak pratik bir alternatif sunar.  <\/span><\/p>\n<p><span style=\"font-weight: 400;\">\u0130ster distrib\u00fct\u00f6r, ister y\u00fcklenici veya proje geli\u015ftiricisi olun, bu liste Almanya&#8217;daki y\u00fcksek kaliteli, CE sertifikal\u0131 nem alma cihaz\u0131 \u00fcreticilerini ve Avrupa performans beklentilerini kar\u015f\u0131layan g\u00fcvenilir k\u00fcresel ortaklar\u0131 ke\u015ffetmek i\u00e7in sa\u011flam bir ba\u015flang\u0131\u00e7 noktas\u0131 sa\u011flar.<\/span><\/p>\t\t\t\t\t\t\t\t<\/div>\n\t\t\t\t<\/div>\n\t\t\t\t\t<\/div>\n\t\t\t\t<\/div>\n\t\t\t\t<\/div>\n\t\t","protected":false},"excerpt":{"rendered":"<p>Almanya, hassas m\u00fchendislik, g\u00fc\u00e7l\u00fc Ar-Ge kapasitesi ve titiz kalite standartlar\u0131n\u0131 bir araya getirerek Avrupa&#8217;n\u0131n HVAC ve hava \u015fartland\u0131rma end\u00fcstrisinin \u00f6n saflar\u0131nda yer almaktad\u0131r. \u00dclkenin nem alma cihaz\u0131 \u00fcreticileri end\u00fcstriyel, ticari ve konut ortamlar\u0131nda dayan\u0131kl\u0131 tasar\u0131m, enerji verimlili\u011fi ve g\u00fcvenilirlik ile tan\u0131n\u0131r. \u0130ster bina kurutmas\u0131, ister y\u00fczme havuzu iklim kontrol\u00fc veya ev nem y\u00f6netimi i\u00e7in olsun, [&hellip;]<\/p>\n","protected":false},"author":1,"featured_media":0,"comment_status":"open","ping_status":"open","sticky":false,"template":"","format":"standard","meta":{"site-sidebar-layout":"default","site-content-layout":"","ast-site-content-layout":"default","site-content-style":"default","site-sidebar-style":"default","ast-global-header-display":"","ast-banner-title-visibility":"","ast-main-header-display":"","ast-hfb-above-header-display":"","ast-hfb-below-header-display":"","ast-hfb-mobile-header-display":"","site-post-title":"","ast-breadcrumbs-content":"","ast-featured-img":"","footer-sml-layout":"","theme-transparent-header-meta":"","adv-header-id-meta":"","stick-header-meta":"","header-above-stick-meta":"","header-main-stick-meta":"","header-below-stick-meta":"","astra-migrate-meta-layouts":"set","ast-page-background-enabled":"default","ast-page-background-meta":{"desktop":{"background-color":"var(--ast-global-color-4)","background-image":"","background-repeat":"repeat","background-position":"center center","background-size":"auto","background-attachment":"scroll","background-type":"","background-media":"","overlay-type":"","overlay-color":"","overlay-opacity":"","overlay-gradient":""},"tablet":{"background-color":"","background-image":"","background-repeat":"repeat","background-position":"center center","background-size":"auto","background-attachment":"scroll","background-type":"","background-media":"","overlay-type":"","overlay-color":"","overlay-opacity":"","overlay-gradient":""},"mobile":{"background-color":"","background-image":"","background-repeat":"repeat","background-position":"center center","background-size":"auto","background-attachment":"scroll","background-type":"","background-media":"","overlay-type":"","overlay-color":"","overlay-opacity":"","overlay-gradient":""}},"ast-content-background-meta":{"desktop":{"background-color":"var(--ast-global-color-5)","background-image":"","background-repeat":"repeat","background-position":"center center","background-size":"auto","background-attachment":"scroll","background-type":"","background-media":"","overlay-type":"","overlay-color":"","overlay-opacity":"","overlay-gradient":""},"tablet":{"background-color":"var(--ast-global-color-5)","background-image":"","background-repeat":"repeat","background-position":"center center","background-size":"auto","background-attachment":"scroll","background-type":"","background-media":"","overlay-type":"","overlay-color":"","overlay-opacity":"","overlay-gradient":""},"mobile":{"background-color":"var(--ast-global-color-5)","background-image":"","background-repeat":"repeat","background-position":"center center","background-size":"auto","background-attachment":"scroll","background-type":"","background-media":"","overlay-type":"","overlay-color":"","overlay-opacity":"","overlay-gradient":""}},"footnotes":""},"categories":[34],"tags":[],"class_list":["post-6172","post","type-post","status-publish","format-standard","hentry","category-34"],"_links":{"self":[{"href":"https:\/\/www.humitechpro.com\/tr\/wp-json\/wp\/v2\/posts\/6172","targetHints":{"allow":["GET"]}}],"collection":[{"href":"https:\/\/www.humitechpro.com\/tr\/wp-json\/wp\/v2\/posts"}],"about":[{"href":"https:\/\/www.humitechpro.com\/tr\/wp-json\/wp\/v2\/types\/post"}],"author":[{"embeddable":true,"href":"https:\/\/www.humitechpro.com\/tr\/wp-json\/wp\/v2\/users\/1"}],"replies":[{"embeddable":true,"href":"https:\/\/www.humitechpro.com\/tr\/wp-json\/wp\/v2\/comments?post=6172"}],"version-history":[{"count":3,"href":"https:\/\/www.humitechpro.com\/tr\/wp-json\/wp\/v2\/posts\/6172\/revisions"}],"predecessor-version":[{"id":6180,"href":"https:\/\/www.humitechpro.com\/tr\/wp-json\/wp\/v2\/posts\/6172\/revisions\/6180"}],"wp:attachment":[{"href":"https:\/\/www.humitechpro.com\/tr\/wp-json\/wp\/v2\/media?parent=6172"}],"wp:term":[{"taxonomy":"category","embeddable":true,"href":"https:\/\/www.humitechpro.com\/tr\/wp-json\/wp\/v2\/categories?post=6172"},{"taxonomy":"post_tag","embeddable":true,"href":"https:\/\/www.humitechpro.com\/tr\/wp-json\/wp\/v2\/tags?post=6172"}],"curies":[{"name":"wp","href":"https:\/\/api.w.org\/{rel}","templated":true}]}}